{"id":1036,"date":"2018-11-11T15:19:32","date_gmt":"2018-11-11T14:19:32","guid":{"rendered":"http:\/\/www.scrittoriegiovani.it\/public\/?p=1036"},"modified":"2018-11-16T12:28:17","modified_gmt":"2018-11-16T11:28:17","slug":"1968-un-anno-mitico","status":"publish","type":"post","link":"https:\/\/www.scrittoriegiovani.it\/public\/2018\/11\/11\/1968-un-anno-mitico\/","title":{"rendered":"1968: un anno mitico"},"content":{"rendered":"<p><strong>La lotta per la societ\u00e0<\/strong><\/p>\n<p><a href=\"https:\/\/i1.wp.com\/www.scrittoriegiovani.it\/public\/wp-content\/uploads\/2018\/11\/Venti-Lucenti.jpg\"><img data-attachment-id=\"1245\" data-permalink=\"https:\/\/www.scrittoriegiovani.it\/public\/2018\/11\/11\/1968-un-anno-mitico\/venti-lucenti\/\" data-orig-file=\"https:\/\/i1.wp.com\/www.scrittoriegiovani.it\/public\/wp-content\/uploads\/2018\/11\/Venti-Lucenti.jpg?fit=586%2C378&amp;ssl=1\" data-orig-size=\"586,378\" data-comments-opened=\"1\" data-image-meta=\"{&quot;aperture&quot;:&quot;0&quot;,&quot;credit&quot;:&quot;&quot;,&quot;camera&quot;:&quot;&quot;,&quot;caption&quot;:&quot;&quot;,&quot;created_timestamp&quot;:&quot;0&quot;,&quot;copyright&quot;:&quot;&quot;,&quot;focal_length&quot;:&quot;0&quot;,&quot;iso&quot;:&quot;0&quot;,&quot;shutter_speed&quot;:&quot;0&quot;,&quot;title&quot;:&quot;&quot;,&quot;orientation&quot;:&quot;0&quot;}\" data-image-title=\"Venti Lucenti\" data-image-description=\"\" data-medium-file=\"https:\/\/i1.wp.com\/www.scrittoriegiovani.it\/public\/wp-content\/uploads\/2018\/11\/Venti-Lucenti.jpg?fit=586%2C378&amp;ssl=1\" data-large-file=\"https:\/\/i1.wp.com\/www.scrittoriegiovani.it\/public\/wp-content\/uploads\/2018\/11\/Venti-Lucenti.jpg?fit=586%2C378&amp;ssl=1\" loading=\"lazy\" class=\"alignleft size-thumbnail wp-image-1245\" src=\"https:\/\/i2.wp.com\/www.scrittoriegiovani.it\/public\/wp-content\/uploads\/2018\/11\/Venti-Lucenti-150x150.jpg?resize=150%2C150\" alt=\"\" width=\"150\" height=\"150\" srcset=\"https:\/\/i1.wp.com\/www.scrittoriegiovani.it\/public\/wp-content\/uploads\/2018\/11\/Venti-Lucenti.jpg?resize=150%2C150&amp;ssl=1 150w, https:\/\/i1.wp.com\/www.scrittoriegiovani.it\/public\/wp-content\/uploads\/2018\/11\/Venti-Lucenti.jpg?zoom=2&amp;resize=150%2C150&amp;ssl=1 300w, https:\/\/i1.wp.com\/www.scrittoriegiovani.it\/public\/wp-content\/uploads\/2018\/11\/Venti-Lucenti.jpg?zoom=3&amp;resize=150%2C150&amp;ssl=1 450w\" sizes=\"(max-width: 150px) 100vw, 150px\" data-recalc-dims=\"1\" \/><\/a><\/p>\n<p>&nbsp;<\/p>\n<p>domenica 25 novembre<br \/>\nore 17, Castello<br \/>\npiazza Martiri della Libert\u00e0, Novara<br \/>\nSpettacolo <em>1968: un anno mitico<\/em> a cura della Compagnia Venti Lucenti<\/p>\n<p>&nbsp;<\/p>\n<p>Compagnia Venti Lucenti nasce nel 1993 dall\u2019esperienza di alcuni professionisti del teatro, dell\u2019educa-zione e della formazione, gi\u00e0 attivi da tempo sia singolarmente sia come gruppo informale. Il filo rosso che ha da sempre legato le diverse attivit\u00e0 \u00e8 da individuarsi senz\u2019altro nell\u2019attenzione rivolta alla pro-mozione di una cultura di pace, di tolleranza, dell\u2019accoglienza e dell\u2019inclusione, basata sul riconoscimen-to delle diversit\u00e0 e delle grandi potenzialit\u00e0 di espressione e di comunicazione di tutti. Lo spettacolo <em>1968: un anno mitico <\/em>chiude l\u2019edizione di Scrittori&amp;giovani rievocando l\u2019anno della contestazione per definizione, all\u2019interno di un ciclo di incontri proposto dal Circolo dei lettori a cura della Compagnia Venti Lucenti, iniziato l\u201911 novembre con <em>1918: la fine della Grande Guerra<\/em> e proseguito il 18 novembre con <em>1939-1945: la Seconda guerra mondiale<\/em>.<\/p>\n<p>\u00abCinquant\u2019anni dal \u201968 rappresentano una distanza di tempo sufficiente per comprendere quanto la contestazione abbia inciso nei destini della nazione e valutare quanto ancora oggi sopravviva in lontananza nei giovani di oggi, anche nei libri\u00bb<\/p>\n<p>&nbsp;<\/p>\n<p><a href=\"http:\/\/www.scrittoriegiovani.it\/public\/wp-content\/uploads\/2018\/11\/1968.pdf\" target=\"_blank\" rel=\"noopener\">Scarica il pdf dell&#8217;evento<\/a><\/p>\n<p>&nbsp;<\/p>\n","protected":false},"excerpt":{"rendered":"<p>La lotta per la societ\u00e0 &nbsp; domenica 25 novembre ore 17, Castello piazza Martiri della Libert\u00e0, Novara Spettacolo 1968: un anno mitico a cura della Compagnia Venti Lucenti &nbsp; Compagnia Venti Lucenti nasce nel 1993 dall\u2019esperienza di alcuni professionisti del teatro, dell\u2019educa-zione e della formazione, gi\u00e0 attivi da tempo sia singolarmente sia come gruppo informale. [&hellip;]<\/p>\n","protected":false},"author":1,"featured_media":0,"comment_status":"open","ping_status":"open","sticky":false,"template":"","format":"standard","meta":{"spay_email":"","jetpack_publicize_message":"","jetpack_is_tweetstorm":false},"categories":[1,93,4],"tags":[],"jetpack_featured_media_url":"","jetpack_publicize_connections":[],"yoast_head":"<!-- This site is optimized with the Yoast SEO plugin v15.1.1 - https:\/\/yoast.com\/wordpress\/plugins\/seo\/ -->\r\n<meta name=\"robots\" content=\"index, follow, max-snippet:-1, max-image-preview:large, max-video-preview:-1\" \/>\r\n<link rel=\"canonical\" href=\"https:\/\/www.scrittoriegiovani.it\/public\/2018\/11\/11\/1968-un-anno-mitico\/\" \/>\r\n<meta property=\"og:locale\" content=\"it_IT\" \/>\r\n<meta property=\"og:type\" content=\"article\" \/>\r\n<meta property=\"og:title\" content=\"1968: un anno mitico - Scrittori&amp;giovani\" \/>\r\n<meta property=\"og:description\" content=\"La lotta per la societ\u00e0 &nbsp; domenica 25 novembre ore 17, Castello piazza Martiri della Libert\u00e0, Novara Spettacolo 1968: un anno mitico a cura della Compagnia Venti Lucenti &nbsp; Compagnia Venti Lucenti nasce nel 1993 dall\u2019esperienza di alcuni professionisti del teatro, dell\u2019educa-zione e della formazione, gi\u00e0 attivi da tempo sia singolarmente sia come gruppo informale. [&hellip;]\" \/>\r\n<meta property=\"og:url\" content=\"https:\/\/www.scrittoriegiovani.it\/public\/2018\/11\/11\/1968-un-anno-mitico\/\" \/>\r\n<meta property=\"og:site_name\" content=\"Scrittori&amp;giovani\" \/>\r\n<meta property=\"article:published_time\" content=\"2018-11-11T14:19:32+00:00\" \/>\r\n<meta property=\"article:modified_time\" content=\"2018-11-16T11:28:17+00:00\" \/>\r\n<meta property=\"og:image\" content=\"http:\/\/www.scrittoriegiovani.it\/public\/wp-content\/uploads\/2018\/11\/Venti-Lucenti-150x150.jpg\" \/>\r\n<meta name=\"twitter:card\" content=\"summary_large_image\" \/>\r\n<script type=\"application\/ld+json\" class=\"yoast-schema-graph\">{\"@context\":\"https:\/\/schema.org\",\"@graph\":[{\"@type\":\"WebSite\",\"@id\":\"https:\/\/www.scrittoriegiovani.it\/public\/#website\",\"url\":\"https:\/\/www.scrittoriegiovani.it\/public\/\",\"name\":\"Scrittori&amp;giovani\",\"description\":\"Festival internazionale Novara e laghi\",\"potentialAction\":[{\"@type\":\"SearchAction\",\"target\":\"https:\/\/www.scrittoriegiovani.it\/public\/?s={search_term_string}\",\"query-input\":\"required name=search_term_string\"}],\"inLanguage\":\"it-IT\"},{\"@type\":\"ImageObject\",\"@id\":\"https:\/\/www.scrittoriegiovani.it\/public\/2018\/11\/11\/1968-un-anno-mitico\/#primaryimage\",\"inLanguage\":\"it-IT\",\"url\":\"http:\/\/www.scrittoriegiovani.it\/public\/wp-content\/uploads\/2018\/11\/Venti-Lucenti-150x150.jpg\"},{\"@type\":\"WebPage\",\"@id\":\"https:\/\/www.scrittoriegiovani.it\/public\/2018\/11\/11\/1968-un-anno-mitico\/#webpage\",\"url\":\"https:\/\/www.scrittoriegiovani.it\/public\/2018\/11\/11\/1968-un-anno-mitico\/\",\"name\":\"1968: un anno mitico - Scrittori&amp;giovani\",\"isPartOf\":{\"@id\":\"https:\/\/www.scrittoriegiovani.it\/public\/#website\"},\"primaryImageOfPage\":{\"@id\":\"https:\/\/www.scrittoriegiovani.it\/public\/2018\/11\/11\/1968-un-anno-mitico\/#primaryimage\"},\"datePublished\":\"2018-11-11T14:19:32+00:00\",\"dateModified\":\"2018-11-16T11:28:17+00:00\",\"author\":{\"@id\":\"https:\/\/www.scrittoriegiovani.it\/public\/#\/schema\/person\/daae15d2bc569c5a279df83dbf99867c\"},\"inLanguage\":\"it-IT\",\"potentialAction\":[{\"@type\":\"ReadAction\",\"target\":[\"https:\/\/www.scrittoriegiovani.it\/public\/2018\/11\/11\/1968-un-anno-mitico\/\"]}]},{\"@type\":\"Person\",\"@id\":\"https:\/\/www.scrittoriegiovani.it\/public\/#\/schema\/person\/daae15d2bc569c5a279df83dbf99867c\",\"name\":\"Centro Novarese di Studi Letterari\",\"image\":{\"@type\":\"ImageObject\",\"@id\":\"https:\/\/www.scrittoriegiovani.it\/public\/#personlogo\",\"inLanguage\":\"it-IT\",\"url\":\"https:\/\/secure.gravatar.com\/avatar\/20a2030a95cddb87bf8cacce218bce5d?s=96&d=identicon&r=g\",\"caption\":\"Centro Novarese di Studi Letterari\"}}]}<\/script>\r\n<!-- \/ Yoast SEO plugin. -->","jetpack_sharing_enabled":true,"jetpack_shortlink":"https:\/\/wp.me\/p99Ih0-gI","jetpack-related-posts":[],"_links":{"self":[{"href":"https:\/\/www.scrittoriegiovani.it\/public\/wp-json\/wp\/v2\/posts\/1036"}],"collection":[{"href":"https:\/\/www.scrittoriegiovani.it\/public\/wp-json\/wp\/v2\/posts"}],"about":[{"href":"https:\/\/www.scrittoriegiovani.it\/public\/wp-json\/wp\/v2\/types\/post"}],"author":[{"embeddable":true,"href":"https:\/\/www.scrittoriegiovani.it\/public\/wp-json\/wp\/v2\/users\/1"}],"replies":[{"embeddable":true,"href":"https:\/\/www.scrittoriegiovani.it\/public\/wp-json\/wp\/v2\/comments?post=1036"}],"version-history":[{"count":5,"href":"https:\/\/www.scrittoriegiovani.it\/public\/wp-json\/wp\/v2\/posts\/1036\/revisions"}],"predecessor-version":[{"id":1246,"href":"https:\/\/www.scrittoriegiovani.it\/public\/wp-json\/wp\/v2\/posts\/1036\/revisions\/1246"}],"wp:attachment":[{"href":"https:\/\/www.scrittoriegiovani.it\/public\/wp-json\/wp\/v2\/media?parent=1036"}],"wp:term":[{"taxonomy":"category","embeddable":true,"href":"https:\/\/www.scrittoriegiovani.it\/public\/wp-json\/wp\/v2\/categories?post=1036"},{"taxonomy":"post_tag","embeddable":true,"href":"https:\/\/www.scrittoriegiovani.it\/public\/wp-json\/wp\/v2\/tags?post=1036"}],"curies":[{"name":"wp","href":"https:\/\/api.w.org\/{rel}","templated":true}]}}