{"id":1492,"date":"2019-11-07T17:00:40","date_gmt":"2019-11-07T16:00:40","guid":{"rendered":"http:\/\/www.scrittoriegiovani.it\/public\/?p=1492"},"modified":"2019-11-07T10:18:06","modified_gmt":"2019-11-07T09:18:06","slug":"scrittorigiovani-fa-entrare-in-carcere-gli-scrittori-sviluppando-lattualita-del-tema-delle-frontiere","status":"publish","type":"post","link":"https:\/\/www.scrittoriegiovani.it\/public\/2019\/11\/07\/scrittorigiovani-fa-entrare-in-carcere-gli-scrittori-sviluppando-lattualita-del-tema-delle-frontiere\/","title":{"rendered":"Scrittori&#038;giovani fa entrare in carcere gli scrittori sviluppando l\u2019attualit\u00e0 del tema delle \u201cfrontiere\u201d"},"content":{"rendered":"<p>Da quest\u2019anno Scrittori&amp;giovani porta libri e dibattiti anche presso la Casa circondariale di Novara, in via Sforzesca 49 grazie alla disponibilit\u00e0 della direzione perch\u00e9 \u00abper essere autenticamente liberi occorre conoscere il carcere\u00bb per dirla con le parole di Marco Malvaldi, ospite venerd\u00ec 15 novembre alle ore 11 per presentare <em>Vento in scatola <\/em>(con Glay Ghammouri, Sellerio)<em>. <\/em>Una commedia da camera si potrebbe definire <em>Vento in scatola<\/em>, solo che in questo caso la camera, l\u2019ambiente chiuso in cui tutto si svolge, \u00e8 molto grande: un carcere. Le celle, i corridoi, \u00abl\u2019aria\u00bb, le zone degli assistenti, la stanza del dirigente, i luoghi di punizione (non c\u2019\u00e8 in questo carcere la tremenda \u00abcella liscia\u00bb): qui i detenuti interagiscono tra di loro e con i sorveglianti, cercano di stabilire gerarchie e simpatie, e di passare il tempo. Al centro di questa vicenda corale, che non ha niente di autobiografico pur avvalendosi di esperienze vissute, c\u2019\u00e8 un giovane che si forma cittadino: un tunisino, abile broker nel suo paese, in carcere per un reato che non ha commesso ma impunito per una truffa di cui \u00e8 colpevole. Mentre trascorre normalmente la pena, gli capita una cosa che mette i brividi e lo costringe a una scelta. Questo libro nasce dall\u2019incontro, durante un corso di scrittura tenuto nel carcere di Pisa, tra Marco Malvaldi e Glay Ghammouri, un ex militare tunisino dalla carriera stroncata in patria per motivi politici e oggi detenuto in Italia a causa di un grave delitto. Mette assieme la sperimentata capacit\u00e0 di divertire mediante intrighi con la conoscenza interna minuziosa della situazione carceraria di chi ci vive. Ma non chiede commozione e piet\u00e0. Vuole soltanto mostrare l\u2019interno di un carcere mettendo in scena la quotidianit\u00e0, la sua giustizia e la sua ingiustizia (\u00abper essere autenticamente liberi occorre conoscere il carcere\u00bb). Ed \u00e8 un libro rigenerante, di questi tempi in cui muri di odio si sollevano contro chiunque sia un diverso. Il suo senso \u00e8 che, cos\u00ec come non si pu\u00f2 tenere il vento in scatola, non si pu\u00f2 imprigionare l\u2019umanit\u00e0 che \u00e8 in ciascuno di noi.<\/p>\n<p>Marco Malvaldi \u00e8 nato a Pisa. Dopo la laurea in Chimica presso la Scuola Normale Superiore di Pisa e contemporanei studi al Conservatorio, ha provato a fare il cantante lirico, ma ha abbandonato dopo poco. Esordisce nella narrativa nel 2007 con le storie dei vecchietti del BarLume, pubblicata da Sellerio. Da questa serie \u00e8 stata tratta una fortunata serie televisiva. Dopo un recente romanzo dedicato a Leonardo da Vinci (<em>La misura dell\u2019uomo<\/em>, Giunti), Malvaldi ha appena pubblicato Vento in scatola con Glay Ghammouri: senza abbandonare ironia e gusto del paradosso ci fa guardare al carcere in modo n\u00e9 convenzionale n\u00e9 caritatevole, ma davvero dall\u2019altro lato delle sbarre.<\/p>\n<p>&nbsp;<\/p>\n<p>Il secondo appuntamento, <em>La frontiera dell\u2019integrazione<\/em>, si svolger\u00e0 mercoled\u00ec 27 novembre alle ore 15,30 con un laboratorio di lettura con l\u2019autrice Takoua Ben Mohamed, a partire da <em>Sotto il velo <\/em>e <em>La rivoluzione dei gelsomini<\/em> (BeccoGiallo). Dalla quarta di copertina di <em>La rivoluzione dei gelsomini<\/em> (BeccoGiallo): A soli otto anni Takoua ha dovuto lasciare il paese in cui \u00e8 nata per raggiungere il padre, rifugiato politico in Italia. Solo molto pi\u00f9 tardi, dopo la Rivolta dei Gelsomini che abbatte la dittatura di Ben Ali, quella giovane donna cresciuta parlando con l\u2019accento romano \u00e8 potuta tornare in Tunisia per rimettere assieme i pezzi della sua storia familiare, per smascherare il funzionamento della macchina repressiva e testimoniare di come le donne \u2013 le grandi protagoniste di questa storia \u2013 ne fossero oggetto. Ed \u00e8 ripercorrendo al contrario quel viaggio, che l\u2019ha portata dalle porte del deserto del Sahara alla periferia di Roma, che conosciamo la storia di Takoua: la storia di una delle tante bambine che, nate o cresciute in Italia da genitori non italiani, molti si ostinano ancora a definire straniere. Dalla quarta di copertina di <em>Sotto il velo<\/em> (BeccoGiallo): <em>Sotto il velo<\/em> \u00e8 una striscia a fumetti creata dalla giovanissima artista italo-tunisina Takoua Ben Mohamed, che racconta con ironia la sua quotidianit\u00e0 di ragazza che ha liberamente scelto di portare il velo in Italia.<\/p>\n<p>Takoua Ben Mohamed, nata a Douz in Tunisia nel 1991, all\u2019et\u00e0 di otto anni \u00e8 costretta a raggiungere il padre, rifugiato politico in Italia. Cresce a Roma, dove vive tutt\u2019ora. La sua formazione mista, sia nell\u2019ambito grafico che in quello giornalistico, emerge nel suo lavoro di graphic journalist. Molto attiva all\u2019interno di associazioni giovanili, culturali e di volontariato, sceglie il fumetto per parlare di integrazione, cittadinanza, discriminazione, dialogo e culture.<\/p>\n","protected":false},"excerpt":{"rendered":"<p>Da quest\u2019anno Scrittori&amp;giovani porta libri e dibattiti anche presso la Casa circondariale di Novara, in via Sforzesca 49 grazie alla disponibilit\u00e0 della direzione perch\u00e9 \u00abper essere autenticamente liberi occorre conoscere il carcere\u00bb per dirla con le parole di Marco Malvaldi, ospite venerd\u00ec 15 novembre alle ore 11 per presentare Vento in scatola (con Glay Ghammouri, [&hellip;]<\/p>\n","protected":false},"author":1,"featured_media":0,"comment_status":"open","ping_status":"open","sticky":false,"template":"","format":"standard","meta":{"spay_email":"","jetpack_publicize_message":"","jetpack_is_tweetstorm":false},"categories":[1],"tags":[],"jetpack_featured_media_url":"","jetpack_publicize_connections":[],"yoast_head":"<!-- This site is optimized with the Yoast SEO plugin v15.1.1 - https:\/\/yoast.com\/wordpress\/plugins\/seo\/ -->\r\n<meta name=\"robots\" content=\"index, follow, max-snippet:-1, max-image-preview:large, max-video-preview:-1\" \/>\r\n<link rel=\"canonical\" href=\"https:\/\/www.scrittoriegiovani.it\/public\/2019\/11\/07\/scrittorigiovani-fa-entrare-in-carcere-gli-scrittori-sviluppando-lattualita-del-tema-delle-frontiere\/\" \/>\r\n<meta property=\"og:locale\" content=\"it_IT\" \/>\r\n<meta property=\"og:type\" content=\"article\" \/>\r\n<meta property=\"og:title\" content=\"Scrittori&amp;giovani fa entrare in carcere gli scrittori sviluppando l\u2019attualit\u00e0 del tema delle \u201cfrontiere\u201d - Scrittori&amp;giovani\" \/>\r\n<meta property=\"og:description\" content=\"Da quest\u2019anno Scrittori&amp;giovani porta libri e dibattiti anche presso la Casa circondariale di Novara, in via Sforzesca 49 grazie alla disponibilit\u00e0 della direzione perch\u00e9 \u00abper essere autenticamente liberi occorre conoscere il carcere\u00bb per dirla con le parole di Marco Malvaldi, ospite venerd\u00ec 15 novembre alle ore 11 per presentare Vento in scatola (con Glay Ghammouri, [&hellip;]\" \/>\r\n<meta property=\"og:url\" content=\"https:\/\/www.scrittoriegiovani.it\/public\/2019\/11\/07\/scrittorigiovani-fa-entrare-in-carcere-gli-scrittori-sviluppando-lattualita-del-tema-delle-frontiere\/\" \/>\r\n<meta property=\"og:site_name\" content=\"Scrittori&amp;giovani\" \/>\r\n<meta property=\"article:published_time\" content=\"2019-11-07T16:00:40+00:00\" \/>\r\n<meta property=\"article:modified_time\" content=\"2019-11-07T09:18:06+00:00\" \/>\r\n<meta name=\"twitter:card\" content=\"summary_large_image\" \/>\r\n<script type=\"application\/ld+json\" class=\"yoast-schema-graph\">{\"@context\":\"https:\/\/schema.org\",\"@graph\":[{\"@type\":\"WebSite\",\"@id\":\"https:\/\/www.scrittoriegiovani.it\/public\/#website\",\"url\":\"https:\/\/www.scrittoriegiovani.it\/public\/\",\"name\":\"Scrittori&amp;giovani\",\"description\":\"Festival internazionale Novara e laghi\",\"potentialAction\":[{\"@type\":\"SearchAction\",\"target\":\"https:\/\/www.scrittoriegiovani.it\/public\/?s={search_term_string}\",\"query-input\":\"required name=search_term_string\"}],\"inLanguage\":\"it-IT\"},{\"@type\":\"WebPage\",\"@id\":\"https:\/\/www.scrittoriegiovani.it\/public\/2019\/11\/07\/scrittorigiovani-fa-entrare-in-carcere-gli-scrittori-sviluppando-lattualita-del-tema-delle-frontiere\/#webpage\",\"url\":\"https:\/\/www.scrittoriegiovani.it\/public\/2019\/11\/07\/scrittorigiovani-fa-entrare-in-carcere-gli-scrittori-sviluppando-lattualita-del-tema-delle-frontiere\/\",\"name\":\"Scrittori&giovani fa entrare in carcere gli scrittori sviluppando l\\u2019attualit\\u00e0 del tema delle \\u201cfrontiere\\u201d - Scrittori&amp;giovani\",\"isPartOf\":{\"@id\":\"https:\/\/www.scrittoriegiovani.it\/public\/#website\"},\"datePublished\":\"2019-11-07T16:00:40+00:00\",\"dateModified\":\"2019-11-07T09:18:06+00:00\",\"author\":{\"@id\":\"https:\/\/www.scrittoriegiovani.it\/public\/#\/schema\/person\/daae15d2bc569c5a279df83dbf99867c\"},\"inLanguage\":\"it-IT\",\"potentialAction\":[{\"@type\":\"ReadAction\",\"target\":[\"https:\/\/www.scrittoriegiovani.it\/public\/2019\/11\/07\/scrittorigiovani-fa-entrare-in-carcere-gli-scrittori-sviluppando-lattualita-del-tema-delle-frontiere\/\"]}]},{\"@type\":\"Person\",\"@id\":\"https:\/\/www.scrittoriegiovani.it\/public\/#\/schema\/person\/daae15d2bc569c5a279df83dbf99867c\",\"name\":\"Centro Novarese di Studi Letterari\",\"image\":{\"@type\":\"ImageObject\",\"@id\":\"https:\/\/www.scrittoriegiovani.it\/public\/#personlogo\",\"inLanguage\":\"it-IT\",\"url\":\"https:\/\/secure.gravatar.com\/avatar\/20a2030a95cddb87bf8cacce218bce5d?s=96&d=identicon&r=g\",\"caption\":\"Centro Novarese di Studi Letterari\"}}]}<\/script>\r\n<!-- \/ Yoast SEO plugin. -->","jetpack_sharing_enabled":true,"jetpack_shortlink":"https:\/\/wp.me\/p99Ih0-o4","jetpack-related-posts":[],"_links":{"self":[{"href":"https:\/\/www.scrittoriegiovani.it\/public\/wp-json\/wp\/v2\/posts\/1492"}],"collection":[{"href":"https:\/\/www.scrittoriegiovani.it\/public\/wp-json\/wp\/v2\/posts"}],"about":[{"href":"https:\/\/www.scrittoriegiovani.it\/public\/wp-json\/wp\/v2\/types\/post"}],"author":[{"embeddable":true,"href":"https:\/\/www.scrittoriegiovani.it\/public\/wp-json\/wp\/v2\/users\/1"}],"replies":[{"embeddable":true,"href":"https:\/\/www.scrittoriegiovani.it\/public\/wp-json\/wp\/v2\/comments?post=1492"}],"version-history":[{"count":1,"href":"https:\/\/www.scrittoriegiovani.it\/public\/wp-json\/wp\/v2\/posts\/1492\/revisions"}],"predecessor-version":[{"id":1493,"href":"https:\/\/www.scrittoriegiovani.it\/public\/wp-json\/wp\/v2\/posts\/1492\/revisions\/1493"}],"wp:attachment":[{"href":"https:\/\/www.scrittoriegiovani.it\/public\/wp-json\/wp\/v2\/media?parent=1492"}],"wp:term":[{"taxonomy":"category","embeddable":true,"href":"https:\/\/www.scrittoriegiovani.it\/public\/wp-json\/wp\/v2\/categories?post=1492"},{"taxonomy":"post_tag","embeddable":true,"href":"https:\/\/www.scrittoriegiovani.it\/public\/wp-json\/wp\/v2\/tags?post=1492"}],"curies":[{"name":"wp","href":"https:\/\/api.w.org\/{rel}","templated":true}]}}