{"id":1500,"date":"2019-11-12T10:24:50","date_gmt":"2019-11-12T09:24:50","guid":{"rendered":"http:\/\/www.scrittoriegiovani.it\/public\/?p=1500"},"modified":"2019-11-07T10:25:22","modified_gmt":"2019-11-07T09:25:22","slug":"gli-incontri-con-gli-scrittori-aperti-al-pubblico-delledizione-2019-del-festival-scrittorigiovani","status":"publish","type":"post","link":"https:\/\/www.scrittoriegiovani.it\/public\/2019\/11\/12\/gli-incontri-con-gli-scrittori-aperti-al-pubblico-delledizione-2019-del-festival-scrittorigiovani\/","title":{"rendered":"Gli incontri con gli scrittori aperti al pubblico dell\u2019edizione 2019 del festival Scrittori&#038;giovani"},"content":{"rendered":"<p>MARCO MALVALDI GIOVED\u00cc 14 NOVEMBRE<\/p>\n<p>la frontiera del carcere<\/p>\n<p>ore 18, Circolo dei lettori, via Fratelli Rosselli 20, Novara Incontro con Marco Malvaldi, autore di <em>Vento in scatola <\/em>con Glay Ghammouri (Sellerio)<\/p>\n<p>\u00abPer essere autenticamente liberi occorre conoscere il carcere\u00bb<\/p>\n<p>&nbsp;<\/p>\n<p>FABIO VOLO MERCOLED\u00cc 20 NOVEMBRE<\/p>\n<p>la frontiera dei sentimenti<\/p>\n<p>ore 18,30, Castello, piazza Martiri della Libert\u00e0, Novara Incontro con l\u2019autore a partire da <em>Una gran voglia di vivere <\/em>(Mondadori) a colloquio con Alessandro Barbaglia<\/p>\n<p>Fabio Volo nasce in provincia di Bergamo nel 1972. \u00c8 speaker radiofonico, attore e conduttore televisivo. Nel 2000 esordisce come scrittore con <em>Esco a fare due passi <\/em>(Mondadori), romanzo che riscuote immediatamente un grande successo. Tra i suoi libri si ricordano <em>\u00c8 tutta vita <\/em>(2015) e <em>Quando tutto inizia <\/em>(2017). A Novara l\u2019autore presenta <em>Una gran voglia di vivere<\/em>, la storia di amore di Marco e Anna che sembrava in grado di mantenere le promesse. Ma Marco non riesce a ricordare qual \u00e8 stata la prima sera in cui non hanno acceso la musica, in cui non hanno aperto il vino. La prima in cui per stanchezza non l\u2019ha accarezzata. Quando la complicit\u00e0 si \u00e8 trasformata in competizione. Forse l\u2019amore, come le fiamme, ha bisogno di ossigeno e sotto una campana si spegne. Forse, semplicemente, \u00e8 tutto molto complicato. Il nuovo libro di Fabio Volo \u00e8 il racconto di una frontiera, fisica e interiore, tra i sentimenti e le persone: una storia in cui ritrovarsi, emozionarsi e capire se esiste, a un certo punto, un modo nuovo di stare insieme.<\/p>\n<p>\u00abAvevamo tutto per essere felici ma non riuscivamo ad esserlo\u00bb<\/p>\n<p>&nbsp;<\/p>\n<p>AMEDEO BALBI VENERD\u00cc 22 NOVEMBRE<\/p>\n<p>la frontiera dello spazio<\/p>\n<p>ore 18,30, Circolo dei lettori, via Fratelli Rosselli 20, Novara Incontro con l\u2019autore di <em>L\u2019ultimo orizzonte. Cosa sappiamo dell\u2019universo <\/em>(Utet)<\/p>\n<p>Amedeo Balbi, nato a Roma nel 1971, si laurea in Fisica ed \u00e8 attualmente professore presso l\u2019Univer-sit\u00e0 degli studi di Roma Tor Vergata. Si occupa principalmente di cosmologia. \u00c8 autore di diversi libri divulgativi e di numerosi articoli per quotidiani e periodici. Ha scritto, tra gli altri, per \u201cLe Scienze\u201d, \u201cLa Stampa\u201d, per le pagine culturali della \u201cRepubblica\u201d e del \u201cManifesto\u201d. Nell\u2019ultimo libro Balbi si chiede che cosa sappiamo dell\u2019universo e risponde: \u00abMolto, moltissimo: la sua et\u00e0, la sua struttura, cosa contiene e come ha fatto a evolvere in uno spazio disseminato di galassie, stelle, pianeti. Solo poco pi\u00f9 di un secolo fa non sapevamo quasi nulla di tutto questo\u00bb. Spingendoci verso le frontiere dello spazio e del tempo, siamo arrivati a confrontarci con questioni che mettono a dura prova i nostri strumenti e i nostri concetti. L\u00e0, dove finisce il territorio familiare, oltre l\u2019orizzonte di ci\u00f2 che sappiamo o possiamo almeno intuire, c\u2019\u00e8 il buio?<\/p>\n<p>\u00abTutto quello che serve \u00e8 cucinato dentro le stelle\u00bb<\/p>\n<p>&nbsp;<\/p>\n<p>ALESSANDRO MILAN VENERD\u00cc 22 NOVEMBRE<\/p>\n<p>la frontiera degli affetti<\/p>\n<p>ore 21, foyer del Teatro Coccia, via Fratelli Rosselli 47, Novara Incontro con l\u2019autore di <em>Due milioni di baci <\/em>(DeA Planeta) in attesa dello spettacolo <em>Ami e Tami <\/em>di M\u00e1tti Kovler con la regia di Marco Iacomelli<\/p>\n<p>&nbsp;<\/p>\n<p>Alessandro Milan nasce in provincia di Milano nel 1970. Giornalista, conduce programmi soprattut-to d\u2019inchiesta su diverse emittenti televisive. Nel 2018 ha pubblicato per DeA Planeta il romanzo <em>Mi vivi dentro<\/em>. Nell\u2019ultimo libro ritroviamo molti dei momenti pi\u00f9 belli della vita, segnati dai baci: quel-li ricevuti da nostra mamma, quelli che si sono scambiati i nostri genitori, quelli dati alla donna amata o a chi non c\u2019\u00e8 pi\u00f9. E a pensarci bene, nei momenti pi\u00f9 brutti, quello che \u00e8 mancato sono proprio i baci, il contatto, la capacit\u00e0 di dirsi: ti voglio bene, ci sono, stringimi forte. Lo stesso vale per Alessandro, che dopo la scomparsa di sua moglie deve fare il pap\u00e0 di due figli quasi adolescenti e capaci di alternare colpi di genio, capricci, momenti di una sofferenza incomunicabile. Stavolta per\u00f2 deve affrontare anche la paura di perdere la propria madre, una paura che riporta a galla ricordi d\u2019infanzia, ferite dimenticate e una lezione che tutto il suo passato sembra gridargli in faccia, regalandogli la salvezza: non bisogna mai smettere di dare baci a chi ci sta accanto.<\/p>\n<p>\u00abNon c\u2019\u00e8 momento chiave della nostra esistenza che non sia segnato da un bacio\u00bb<\/p>\n<p>&nbsp;<\/p>\n<p>RENZO CRIVELLI LUNED\u00cc 25 NOVEMBRE<\/p>\n<p>la frontiera del tempo<\/p>\n<p>ore 18, Circolo dei lettori, via Fratelli Rosselli 20, Novara Incontro con l\u2019autore di <em>Il fantasma del palazzo e altri racconti <\/em>(Interlinea) a colloquio con Roberto Tognetti<\/p>\n<p>Renzo Crivelli \u00e8 nato a Novara nel 1945. Laureato in Lingue e Letterature, si trasferisce per un periodo a studiare in Inghilterra. Tornato in Italia, \u00e8 professore universitario in diversi atenei e, trasferitosi dopo il 1985 a Trieste, fonda il Centro di studi irlandesi e il Laboratorio James Joyce. Presente e passato s\u2019inseguono in queste storie di frontiera tra sentimenti, mistero, spiritualit\u00e0 e introspezione, in un microcosmo collocato da Novara ai laghi d\u2019Orta e Maggiore fino all\u2019Ossola. In un mondo in cui il passato \u00e8 sempre in agguato, fanno capolino personaggi di oggi e di ieri, reali e storici, persino mitologici: dalla Sibilla Cumana a Petronio, da fra Dolcino a Cicerone. La memoria riesce a mutare il rapporto fra realt\u00e0 e sogno, facendo affiorare anche cose che sono state volutamente negate e allontanate da noi.<\/p>\n<p><span style=\"text-decoration: line-through;\">\u00abNoi siamo quello che siamo stati\u00bb<\/span><\/p>\n<p><span style=\"text-decoration: line-through;\">\u00a0<\/span><\/p>\n<p>MARTED\u00cc 26 NOVEMBRE<\/p>\n<p>la frontiera del doppio<\/p>\n<p>ore 11, ITE Mossotti, viale Curtatone 5, Novara<\/p>\n<p>ore 18, Circolo dei lettori via Fratelli Rosselli 20, Novara Incontro con l\u2019autore di <em>Ma che cosa ho in testa <\/em>(Utet)<\/p>\n<p>Tim Parks nasce a Londra nel 1954 e dal 1981 vive a Verona. Laureato in lingua e letteratura inglese \u00e8 scrittore e giornalista. \u00c8 stato traduttore dall\u2019italiano all\u2019inglese per autori come Alberto Moravia, Italo Calvino e Antonio Tabucchi. Parks si domanda nell\u2019ultimo libro: che cos\u2019\u00e8 la coscienza e come funziona davvero? Molti filosofi e neuroscienziati credono infatti che l\u2019esperienza sia chiusa ermeti-camente nei nostri crani, una rappresentazione olografica e in fin dei conti inaffida-bile della realt\u00e0 esterna. Colori, odori, suoni, sensazioni, tutto avverrebbe solo nella nostra testa. Eppure, quando i neuroscienziati tracciano ci\u00f2 che succede nel cervello, trovano solo miliardi di neuroni che si scambiano impulsi elettrici e rilasciano sostan-ze chimiche. Forse giunti all\u2019ultima pagina non capiremo davvero che cosa sia la coscienza, ma il mondo ci apparir\u00e0 pi\u00f9 reale e vivo che mai.<\/p>\n<p>\u00abL\u2019ottimista ha in comune con il pessimista la predisposizione a guardare verso il futuro, a chiedersi: saranno migliori o peggiori gli anni a venire?\u00bb<\/p>\n<p>&nbsp;<\/p>\n<p>ANDREA MARCOLONGO SABATO 30 NOVEMBRE<\/p>\n<p>la frontiera delle parole<\/p>\n<p>ore 18, Circolo dei lettori, via Fratelli Rosselli 20, Novara Incontro con l\u2019autrice di <em>Alla fonte delle parole <\/em>(Mondadori)Nella giornata finale del festival Scrittori&amp;giovani dedicato alle parole degli scrittori e dei libri, scambiati nel bookcrossing gestito dai giovani all\u2019Angolo delle Ore, non pu\u00f2 esserci occasione migliore che parlare di un nuovo volume che racconta 99 etimologie di 99 parole per ribellarci alla confusione e al buio che ci travolgono quando rimaniamo muti di fronte al presente: si tratta di 99 parole per ritrovare noi stessi.<\/p>\n<p>Andrea Marcolongo \u00e8 nata nel 1987, si \u00e8 laureata in Lettere antiche all\u2019Universit\u00e0 di Milano e nella sua vita ha viaggiato molto vivendo in dieci citt\u00e0 diverse. Attualmente vive a Sarajevo. Scrive di cultura e libri per \u201cLa Stampa\u201d, \u201cD-la Repubblica\u201d e \u201cIl Messaggero\u201d. <em>La lingua geniale. 9 ragioni per amare il greco <\/em>(Laterza), suo libro d\u2019esordio nel 2016, \u00e8 stato un caso editoriale con pi\u00f9 di centomila copie vendute, tradotto nel mondo. Con Mondadori ha pubblicato nel 2018 il suo secondo libro, <em>La misura eroica<\/em>, prima dell\u2019ultimo <em>Alla fonte delle parole<\/em>.<\/p>\n<p>\u00abSenza le parole non faremmo che brancolare scomposti nella con-fusione, incapaci di dire la realt\u00e0 e ci\u00f2 che sentiamo. Proprio per questo delle parole dobbiamo avere estrema cura\u00bb<\/p>\n<p>&nbsp;<\/p>\n<p>&nbsp;<\/p>\n","protected":false},"excerpt":{"rendered":"<p>MARCO MALVALDI GIOVED\u00cc 14 NOVEMBRE la frontiera del carcere ore 18, Circolo dei lettori, via Fratelli Rosselli 20, Novara Incontro con Marco Malvaldi, autore di Vento in scatola con Glay Ghammouri (Sellerio) \u00abPer essere autenticamente liberi occorre conoscere il carcere\u00bb &nbsp; FABIO VOLO MERCOLED\u00cc 20 NOVEMBRE la frontiera dei sentimenti ore 18,30, Castello, piazza Martiri [&hellip;]<\/p>\n","protected":false},"author":1,"featured_media":0,"comment_status":"open","ping_status":"open","sticky":false,"template":"","format":"standard","meta":{"spay_email":"","jetpack_publicize_message":"","jetpack_is_tweetstorm":false},"categories":[1],"tags":[],"jetpack_featured_media_url":"","jetpack_publicize_connections":[],"yoast_head":"<!-- This site is optimized with the Yoast SEO plugin v15.1.1 - https:\/\/yoast.com\/wordpress\/plugins\/seo\/ -->\r\n<meta name=\"robots\" content=\"index, follow, max-snippet:-1, max-image-preview:large, max-video-preview:-1\" \/>\r\n<link rel=\"canonical\" href=\"https:\/\/www.scrittoriegiovani.it\/public\/2019\/11\/12\/gli-incontri-con-gli-scrittori-aperti-al-pubblico-delledizione-2019-del-festival-scrittorigiovani\/\" \/>\r\n<meta property=\"og:locale\" content=\"it_IT\" \/>\r\n<meta property=\"og:type\" content=\"article\" \/>\r\n<meta property=\"og:title\" content=\"Gli incontri con gli scrittori aperti al pubblico dell\u2019edizione 2019 del festival Scrittori&amp;giovani - Scrittori&amp;giovani\" \/>\r\n<meta property=\"og:description\" content=\"MARCO MALVALDI GIOVED\u00cc 14 NOVEMBRE la frontiera del carcere ore 18, Circolo dei lettori, via Fratelli Rosselli 20, Novara Incontro con Marco Malvaldi, autore di Vento in scatola con Glay Ghammouri (Sellerio) \u00abPer essere autenticamente liberi occorre conoscere il carcere\u00bb &nbsp; FABIO VOLO MERCOLED\u00cc 20 NOVEMBRE la frontiera dei sentimenti ore 18,30, Castello, piazza Martiri [&hellip;]\" \/>\r\n<meta property=\"og:url\" content=\"https:\/\/www.scrittoriegiovani.it\/public\/2019\/11\/12\/gli-incontri-con-gli-scrittori-aperti-al-pubblico-delledizione-2019-del-festival-scrittorigiovani\/\" \/>\r\n<meta property=\"og:site_name\" content=\"Scrittori&amp;giovani\" \/>\r\n<meta property=\"article:published_time\" content=\"2019-11-12T09:24:50+00:00\" \/>\r\n<meta property=\"article:modified_time\" content=\"2019-11-07T09:25:22+00:00\" \/>\r\n<meta name=\"twitter:card\" content=\"summary_large_image\" \/>\r\n<script type=\"application\/ld+json\" class=\"yoast-schema-graph\">{\"@context\":\"https:\/\/schema.org\",\"@graph\":[{\"@type\":\"WebSite\",\"@id\":\"https:\/\/www.scrittoriegiovani.it\/public\/#website\",\"url\":\"https:\/\/www.scrittoriegiovani.it\/public\/\",\"name\":\"Scrittori&amp;giovani\",\"description\":\"Festival internazionale Novara e laghi\",\"potentialAction\":[{\"@type\":\"SearchAction\",\"target\":\"https:\/\/www.scrittoriegiovani.it\/public\/?s={search_term_string}\",\"query-input\":\"required name=search_term_string\"}],\"inLanguage\":\"it-IT\"},{\"@type\":\"WebPage\",\"@id\":\"https:\/\/www.scrittoriegiovani.it\/public\/2019\/11\/12\/gli-incontri-con-gli-scrittori-aperti-al-pubblico-delledizione-2019-del-festival-scrittorigiovani\/#webpage\",\"url\":\"https:\/\/www.scrittoriegiovani.it\/public\/2019\/11\/12\/gli-incontri-con-gli-scrittori-aperti-al-pubblico-delledizione-2019-del-festival-scrittorigiovani\/\",\"name\":\"Gli incontri con gli scrittori aperti al pubblico dell\\u2019edizione 2019 del festival Scrittori&giovani - Scrittori&amp;giovani\",\"isPartOf\":{\"@id\":\"https:\/\/www.scrittoriegiovani.it\/public\/#website\"},\"datePublished\":\"2019-11-12T09:24:50+00:00\",\"dateModified\":\"2019-11-07T09:25:22+00:00\",\"author\":{\"@id\":\"https:\/\/www.scrittoriegiovani.it\/public\/#\/schema\/person\/daae15d2bc569c5a279df83dbf99867c\"},\"inLanguage\":\"it-IT\",\"potentialAction\":[{\"@type\":\"ReadAction\",\"target\":[\"https:\/\/www.scrittoriegiovani.it\/public\/2019\/11\/12\/gli-incontri-con-gli-scrittori-aperti-al-pubblico-delledizione-2019-del-festival-scrittorigiovani\/\"]}]},{\"@type\":\"Person\",\"@id\":\"https:\/\/www.scrittoriegiovani.it\/public\/#\/schema\/person\/daae15d2bc569c5a279df83dbf99867c\",\"name\":\"Centro Novarese di Studi Letterari\",\"image\":{\"@type\":\"ImageObject\",\"@id\":\"https:\/\/www.scrittoriegiovani.it\/public\/#personlogo\",\"inLanguage\":\"it-IT\",\"url\":\"https:\/\/secure.gravatar.com\/avatar\/20a2030a95cddb87bf8cacce218bce5d?s=96&d=identicon&r=g\",\"caption\":\"Centro Novarese di Studi Letterari\"}}]}<\/script>\r\n<!-- \/ Yoast SEO plugin. -->","jetpack_sharing_enabled":true,"jetpack_shortlink":"https:\/\/wp.me\/p99Ih0-oc","jetpack-related-posts":[],"_links":{"self":[{"href":"https:\/\/www.scrittoriegiovani.it\/public\/wp-json\/wp\/v2\/posts\/1500"}],"collection":[{"href":"https:\/\/www.scrittoriegiovani.it\/public\/wp-json\/wp\/v2\/posts"}],"about":[{"href":"https:\/\/www.scrittoriegiovani.it\/public\/wp-json\/wp\/v2\/types\/post"}],"author":[{"embeddable":true,"href":"https:\/\/www.scrittoriegiovani.it\/public\/wp-json\/wp\/v2\/users\/1"}],"replies":[{"embeddable":true,"href":"https:\/\/www.scrittoriegiovani.it\/public\/wp-json\/wp\/v2\/comments?post=1500"}],"version-history":[{"count":1,"href":"https:\/\/www.scrittoriegiovani.it\/public\/wp-json\/wp\/v2\/posts\/1500\/revisions"}],"predecessor-version":[{"id":1501,"href":"https:\/\/www.scrittoriegiovani.it\/public\/wp-json\/wp\/v2\/posts\/1500\/revisions\/1501"}],"wp:attachment":[{"href":"https:\/\/www.scrittoriegiovani.it\/public\/wp-json\/wp\/v2\/media?parent=1500"}],"wp:term":[{"taxonomy":"category","embeddable":true,"href":"https:\/\/www.scrittoriegiovani.it\/public\/wp-json\/wp\/v2\/categories?post=1500"},{"taxonomy":"post_tag","embeddable":true,"href":"https:\/\/www.scrittoriegiovani.it\/public\/wp-json\/wp\/v2\/tags?post=1500"}],"curies":[{"name":"wp","href":"https:\/\/api.w.org\/{rel}","templated":true}]}}