{"id":1899,"date":"2020-11-13T04:42:26","date_gmt":"2020-11-13T03:42:26","guid":{"rendered":"http:\/\/www.scrittoriegiovani.it\/public\/?p=1899"},"modified":"2020-11-13T12:12:26","modified_gmt":"2020-11-13T11:12:26","slug":"le-contaminazioni-di-scrittorigiovani-a-novara-il-festival-internazionale-e-on-line-dal-18-al-29-novembre","status":"publish","type":"post","link":"https:\/\/www.scrittoriegiovani.it\/public\/2020\/11\/13\/le-contaminazioni-di-scrittorigiovani-a-novara-il-festival-internazionale-e-on-line-dal-18-al-29-novembre\/","title":{"rendered":"Le \u201ccontaminazioni\u201d di Scrittori&#038;giovani a Novara.  Il festival internazionale \u00e8 on line dal 18 al 29 novembre"},"content":{"rendered":"\n<p class=\"has-text-align-center\"><strong>Avvio mercoled\u00ec 18 novembre con lectio magistralis di Bj\u00f6rn Larsson e Silvano Petrosino su lettura e scrittura al tempo del Covid. Dirette dagli Usa e dell\u2019Europa con innovazione digitale tra e-book, podcast e webinar per la rassegna che distribuisce centinaia di libri nelle scuole. Tra gli ospiti Maraini, Henriksen, Mustafah, Lipperini e Falcinelli. Una seconda parte del festival in presenza sar\u00e0 in primavera, con attivit\u00e0 in carcere.<\/strong><\/p>\n\n\n\n<figure class=\"wp-block-image size-large\"><img data-attachment-id=\"1900\" data-permalink=\"https:\/\/www.scrittoriegiovani.it\/public\/2020\/11\/13\/le-contaminazioni-di-scrittorigiovani-a-novara-il-festival-internazionale-e-on-line-dal-18-al-29-novembre\/festival-scrittorigiovani-libri-nelle-scuole\/\" data-orig-file=\"https:\/\/i0.wp.com\/www.scrittoriegiovani.it\/public\/wp-content\/uploads\/2020\/11\/Festival-Scrittorigiovani-libri-nelle-scuole.jpg?fit=2048%2C1898&amp;ssl=1\" data-orig-size=\"2048,1898\" data-comments-opened=\"1\" data-image-meta=\"{&quot;aperture&quot;:&quot;0&quot;,&quot;credit&quot;:&quot;&quot;,&quot;camera&quot;:&quot;&quot;,&quot;caption&quot;:&quot;&quot;,&quot;created_timestamp&quot;:&quot;0&quot;,&quot;copyright&quot;:&quot;&quot;,&quot;focal_length&quot;:&quot;0&quot;,&quot;iso&quot;:&quot;0&quot;,&quot;shutter_speed&quot;:&quot;0&quot;,&quot;title&quot;:&quot;&quot;,&quot;orientation&quot;:&quot;0&quot;}\" data-image-title=\"Festival-Scrittorigiovani-libri-nelle-scuole\" data-image-description=\"&lt;p&gt;LIbri-e autori-nelle-scuole-festival-scrittori-e-giovani&lt;\/p&gt;\n\" data-medium-file=\"https:\/\/i0.wp.com\/www.scrittoriegiovani.it\/public\/wp-content\/uploads\/2020\/11\/Festival-Scrittorigiovani-libri-nelle-scuole.jpg?fit=720%2C667&amp;ssl=1\" data-large-file=\"https:\/\/i0.wp.com\/www.scrittoriegiovani.it\/public\/wp-content\/uploads\/2020\/11\/Festival-Scrittorigiovani-libri-nelle-scuole.jpg?fit=705%2C653&amp;ssl=1\" loading=\"lazy\" width=\"705\" height=\"653\" src=\"https:\/\/i2.wp.com\/www.scrittoriegiovani.it\/public\/wp-content\/uploads\/2020\/11\/Festival-Scrittorigiovani-libri-nelle-scuole-1080x1001.jpg?resize=705%2C653\" alt=\"\" class=\"wp-image-1900\" srcset=\"https:\/\/i0.wp.com\/www.scrittoriegiovani.it\/public\/wp-content\/uploads\/2020\/11\/Festival-Scrittorigiovani-libri-nelle-scuole.jpg?resize=1080%2C1001&amp;ssl=1 1080w, https:\/\/i0.wp.com\/www.scrittoriegiovani.it\/public\/wp-content\/uploads\/2020\/11\/Festival-Scrittorigiovani-libri-nelle-scuole.jpg?resize=720%2C667&amp;ssl=1 720w, https:\/\/i0.wp.com\/www.scrittoriegiovani.it\/public\/wp-content\/uploads\/2020\/11\/Festival-Scrittorigiovani-libri-nelle-scuole.jpg?resize=768%2C712&amp;ssl=1 768w, https:\/\/i0.wp.com\/www.scrittoriegiovani.it\/public\/wp-content\/uploads\/2020\/11\/Festival-Scrittorigiovani-libri-nelle-scuole.jpg?resize=1536%2C1424&amp;ssl=1 1536w, https:\/\/i0.wp.com\/www.scrittoriegiovani.it\/public\/wp-content\/uploads\/2020\/11\/Festival-Scrittorigiovani-libri-nelle-scuole.jpg?w=2048&amp;ssl=1 2048w, https:\/\/i0.wp.com\/www.scrittoriegiovani.it\/public\/wp-content\/uploads\/2020\/11\/Festival-Scrittorigiovani-libri-nelle-scuole.jpg?w=1410&amp;ssl=1 1410w\" sizes=\"(max-width: 705px) 100vw, 705px\" data-recalc-dims=\"1\" \/><\/figure>\n\n\n\n<p class=\"has-text-align-justify\">Dal 18 al 29 novembre \u00e8 on line il festival internazionale Scrittori&amp;giovani con dirette da Usa ed Europa di autori che incontrano gli studenti delle scuole di Novara e provincia dopo una distribuzione gratuita di centinaia di libri, anche in e-book, tratto distintivo della rassegna, unica nel suo genere in Italia. Avvio mercoled\u00ec 18 con due lectio magistralis: alle 10 su \u201cScrivere e leggere con il Covid-19\u201d di Bj\u00f6rn Larsson, che discute con gli studenti in streaming di suoi libri come <em><a href=\"https:\/\/iperborea.com\/titolo\/391\/\" target=\"_blank\" rel=\"noreferrer noopener\">Diario di bordo di uno scrittore<\/a><\/em>; alle 12 l\u2019intervento del filosofo Silvano Petrosino su \u201cContaminarsi di cultura\u201d a partire da <em><a href=\"https:\/\/www.interlinea.com\/scheda-libro\/silvano-petrosino\/lo-scandalo-dellimprevedibile-9788868573416-434838.html\" target=\"_blank\" rel=\"noreferrer noopener\">Lo scandalo dell\u2019imprevedibile. Pensare l\u2019epidemia<\/a><\/em>. Segreteria organizzativa di Interlinea: info 0321 19992282, festival@letteratura.it, www.scrittoriegiovani.it.<\/p>\n\n\n\n<p class=\"has-text-align-justify\">Tra gli autori coinvolti il norvegese Levi Henriksen, l\u2019americana Sahar Mustafah con <em><a href=\"https:\/\/marcosymarcos.com\/libri\/la-tua-bellezza\/\" target=\"_blank\" rel=\"noreferrer noopener\">La tua bellezza<\/a>, <\/em>Dacia Maraini con <em><a href=\"https:\/\/rizzoli.rizzolilibri.it\/libri\/trio\/\" target=\"_blank\" rel=\"noreferrer noopener\">Trio<\/a><\/em>, Silvia Avallone con il nuovo romanzo in uscita in questi giorni, Federica Gasbarro con il suo <em><a href=\"https:\/\/www.edizpiemme.it\/libri\/diario-di-una-striker\" target=\"_blank\" rel=\"noreferrer noopener\">Diario di una striker<\/a><\/em> dei Fridays For Future, Loredana Lipperini, Riccardo Falcinelli, la graphic novelist Elisa Macellari, Matteo Righetto, Gabriele Clima e Alessandro Barbaglia, tra gli altri, con eventi in collaborazione con Teatro Coccia e altri enti, prima del finale dalla Scuola di Musica Dedalo con Laura Pariani sulle contaminazioni della Patagonia con letture e musica il 29 novembre.<\/p>\n\n\n\n<p class=\"has-text-align-justify\">Lasciarsi contaminare dai libri \u00e8 la sfida dell\u2019edizione 2020 del festival Scrittori&amp;giovani diretto da Roberto Cicala, che ha scelto non a caso il tema \u201ccontaminazioni\u201d. Il termine sottolinea ci\u00f2 che ha segnato drammaticamente l\u2019anno in corso, con il virus della pandemia da Covid-19. Nella sua accezione negativa questa parola indica, in altri campi, anche inquinamento ambientale o corruzione economica e sociale. Eppure, al tempo stesso, parlare oggi di contaminazioni, al plurale, significa ribadire in modo simbolico che una reazione positiva per vincere questo male \u00e8 possibile e sta proprio nella capacit\u00e0 di privilegiare fusioni e interconnessioni propizie, salvaguardando relazioni, stili di vita, attenzione alla cultura e pure alle culture diverse dalla nostra. La letteratura ancora una volta \u00e8 venuta in soccorso per trovare le parole adatte a esprimere qualcosa di inesprimibile che si agita dentro di noi, perch\u00e9 gli scrittori, con storie e testimonianze scritte nelle lingue del mondo, ci fanno capire come la nostra esistenza sia fatta di contaminazioni favorevoli che possono aiutarci a cambiare in meglio: dal rapporto tra esseri viventi e natura a quello tra mondo analogico e digitale, fino all\u2019importanza dell\u2019intercultura tra popoli e mentalit\u00e0. I giovani sono cos\u00ec i protagonisti di un modo nuovo di vedere e migliorare il mondo anche a partire dai libri.<\/p>\n\n\n\n<p class=\"has-text-align-justify\">Scrittori&amp;giovani offre incontri nelle classi ed eventi pomeridiani e serali aperti alla cittadinanza, spettacoli, musica e altro, tra cui laboratori, entrando in carcere e in ospedale con i libri, per una cultura dei libri come bene sociale sempre pi\u00f9 necessario. La formula della rassegna, rinnovata con un calendario on line e modalit\u00e0 multicanale, tra webinar e podcast, nella speranza di un finale in primavera di nuovo in presenza, resta quella apprezzata nelle passate edizioni in cui sono stati ospitati Pennac, Grossman, Sep\u00falveda, Adonis, Falcones, De Carlo, Giordano, Magris, Vassalli e molti altri scrittori, che anche quest\u2019anno incontrano i giovani dentro e fuori le loro scuole, con webinar in streaming, sempre con un\u2019apertura al pubblico adulto. Scrittori&amp;giovani coinvolge attivamente gli studenti che leggono i libri degli autori prima di Incontrarli on line grazie a una larga distribuzione di copie, che \u00e8 l\u2019elemento di originalit\u00e0 e di investimento del festival, anzi una delle ragioni che hanno vinto le paure del momento proprio per la richiesta pressante delle scuole di avere a disposizione libri, in formato sia cartaceo che e-book. L\u2019obiettivo \u00e8 sempre diffondere il piacere e l\u2019interesse della lettura, mai scontato in un\u2019epoca tanto visuale e tecnologica quanto distratta come la nostra, con un valore aggiunto: avere l\u2019opportunit\u00e0 di trovarsi faccia a faccia con personalit\u00e0 del panorama letterario internazionale.<\/p>\n\n\n\n<p class=\"has-text-align-justify\">Il festival Scrittori&amp;giovani \u00e8 organizzato con contributo di Fondazione CRT, Regione Piemonte e Comune di Novara-Biblioteca Civica Negroni, a cura del Centro Novarese di Studi letterari con la segreteria organizzativa di Interlinea e il patrocinio del Ministero dell\u2019Istruzione, dell\u2019Universit\u00e0 e della Ricerca-Ufficio Scolastico Regionale per il Piemonte-Ufficio XI Provincia di Novara, UPO-Universit\u00e0 del Piemonte Orientale, ATL della Provincia di Novara e Ministero per i Beni e le Attivit\u00e0 Culturali-Centro per il libro e la lettura, con sponsor tecnico Cef Publishing Centro Europeo di Formazione (B-Corp) e la collaborazione di Libreria Lazzarelli; Fondazione Teatro Coccia, Fondazione Nuovo Teatro Faraggiana; Fondazione Marazza, Fondazione Educatt; Laboratorio di editoria dell\u2019Universit\u00e0 Cattolica di Milano; Libreria laFeltrinelli Point di Arona; Mondadori Bookstore di Vercelli; Casa Circondariale di Novara; Associazione Amici della Dedalo; Istituto Storico Fornara, con le case editrici dei libri presentati nel festival.<\/p>\n\n\n\n<p class=\"has-text-align-justify\">Nel progetto di Scrittori&amp;giovani per accostare i giovani in modo attivo al mondo della scrittura, della cultura e dei libri, anche superando i problemi causati dal Coronavirus, sono prolungate alla primavera le attivit\u00e0 collaterali in presenza e in particolare con: laboratorio di scrittura in carcere a cura di Antonio Ferrara; laboratorio di social news per studenti per l\u2019aggiornamento della pagina Facebook del festival e la realizzazione di una newsletter finale, su carta e in formato digitale; laboratorio di editoria di avvicinamento al mondo e alle professioni del libro per i giovani, in collaborazione con Laboratorio di editoria dell\u2019Universit\u00e0 Cattolica ed Educatt, con realizzazione di un e-book per racconti e testi nati dal confronto con gli autori e dallo stimolo dei docenti; laboratorio di scrittura per giovani disabili, su richiesta; laboratorio di social video su montaggio e creazione di contenuti multimediali on line in preparazione al contest \u201cBooktrailer Scrittori&amp;giovani\u201d perch\u00e9 oggi l\u2019informazione viaggia soprattutto tramite video e social network e il booktrailer \u00e8 uno strumento sempre pi\u00f9 utilizzato per far conoscere un libro e suscitarne curiosit\u00e0 nel lettore. <em><\/em><\/p>\n","protected":false},"excerpt":{"rendered":"<p>Avvio mercoled\u00ec 18 novembre con lectio magistralis di Bj\u00f6rn Larsson e Silvano Petrosino su lettura e scrittura al tempo del Covid. Dirette dagli Usa e dell\u2019Europa con innovazione digitale tra e-book, podcast e webinar per la rassegna che distribuisce centinaia di libri nelle scuole. Tra gli ospiti Maraini, Henriksen, Mustafah, Lipperini e Falcinelli. Una seconda [&hellip;]<\/p>\n","protected":false},"author":1,"featured_media":0,"comment_status":"open","ping_status":"open","sticky":true,"template":"","format":"standard","meta":{"spay_email":"","jetpack_publicize_message":"","jetpack_is_tweetstorm":false},"categories":[1],"tags":[],"jetpack_featured_media_url":"","jetpack_publicize_connections":[],"yoast_head":"<!-- This site is optimized with the Yoast SEO plugin v15.1.1 - https:\/\/yoast.com\/wordpress\/plugins\/seo\/ -->\r\n<meta name=\"description\" content=\"Festival Scrittori&amp;giovani, contaminazioni letterarie e non solo. Eventi on line nelle scuole e aperti al pubblico\" \/>\r\n<meta name=\"robots\" content=\"index, follow, max-snippet:-1, max-image-preview:large, max-video-preview:-1\" \/>\r\n<link rel=\"canonical\" href=\"https:\/\/www.scrittoriegiovani.it\/public\/2020\/11\/13\/le-contaminazioni-di-scrittorigiovani-a-novara-il-festival-internazionale-e-on-line-dal-18-al-29-novembre\/\" \/>\r\n<meta property=\"og:locale\" content=\"it_IT\" \/>\r\n<meta property=\"og:type\" content=\"article\" \/>\r\n<meta property=\"og:title\" content=\"Le \u201ccontaminazioni\u201d di Scrittori&amp;giovani a Novara. Il festival internazionale \u00e8 on line dal 18 al 29 novembre - Scrittori&amp;giovani\" \/>\r\n<meta property=\"og:description\" content=\"Festival Scrittori&amp;giovani, contaminazioni letterarie e non solo. Eventi on line nelle scuole e aperti al pubblico\" \/>\r\n<meta property=\"og:url\" content=\"https:\/\/www.scrittoriegiovani.it\/public\/2020\/11\/13\/le-contaminazioni-di-scrittorigiovani-a-novara-il-festival-internazionale-e-on-line-dal-18-al-29-novembre\/\" \/>\r\n<meta property=\"og:site_name\" content=\"Scrittori&amp;giovani\" \/>\r\n<meta property=\"article:published_time\" content=\"2020-11-13T03:42:26+00:00\" \/>\r\n<meta property=\"article:modified_time\" content=\"2020-11-13T11:12:26+00:00\" \/>\r\n<meta property=\"og:image\" content=\"http:\/\/www.scrittoriegiovani.it\/public\/wp-content\/uploads\/2020\/11\/Festival-Scrittorigiovani-libri-nelle-scuole-1080x1001.jpg\" \/>\r\n<meta name=\"twitter:card\" content=\"summary_large_image\" \/>\r\n<script type=\"application\/ld+json\" class=\"yoast-schema-graph\">{\"@context\":\"https:\/\/schema.org\",\"@graph\":[{\"@type\":\"WebSite\",\"@id\":\"https:\/\/www.scrittoriegiovani.it\/public\/#website\",\"url\":\"https:\/\/www.scrittoriegiovani.it\/public\/\",\"name\":\"Scrittori&amp;giovani\",\"description\":\"Festival internazionale Novara e laghi\",\"potentialAction\":[{\"@type\":\"SearchAction\",\"target\":\"https:\/\/www.scrittoriegiovani.it\/public\/?s={search_term_string}\",\"query-input\":\"required name=search_term_string\"}],\"inLanguage\":\"it-IT\"},{\"@type\":\"ImageObject\",\"@id\":\"https:\/\/www.scrittoriegiovani.it\/public\/2020\/11\/13\/le-contaminazioni-di-scrittorigiovani-a-novara-il-festival-internazionale-e-on-line-dal-18-al-29-novembre\/#primaryimage\",\"inLanguage\":\"it-IT\",\"url\":\"http:\/\/www.scrittoriegiovani.it\/public\/wp-content\/uploads\/2020\/11\/Festival-Scrittorigiovani-libri-nelle-scuole-1080x1001.jpg\"},{\"@type\":\"WebPage\",\"@id\":\"https:\/\/www.scrittoriegiovani.it\/public\/2020\/11\/13\/le-contaminazioni-di-scrittorigiovani-a-novara-il-festival-internazionale-e-on-line-dal-18-al-29-novembre\/#webpage\",\"url\":\"https:\/\/www.scrittoriegiovani.it\/public\/2020\/11\/13\/le-contaminazioni-di-scrittorigiovani-a-novara-il-festival-internazionale-e-on-line-dal-18-al-29-novembre\/\",\"name\":\"Le \\u201ccontaminazioni\\u201d di Scrittori&giovani a Novara. Il festival internazionale \\u00e8 on line dal 18 al 29 novembre - Scrittori&amp;giovani\",\"isPartOf\":{\"@id\":\"https:\/\/www.scrittoriegiovani.it\/public\/#website\"},\"primaryImageOfPage\":{\"@id\":\"https:\/\/www.scrittoriegiovani.it\/public\/2020\/11\/13\/le-contaminazioni-di-scrittorigiovani-a-novara-il-festival-internazionale-e-on-line-dal-18-al-29-novembre\/#primaryimage\"},\"datePublished\":\"2020-11-13T03:42:26+00:00\",\"dateModified\":\"2020-11-13T11:12:26+00:00\",\"author\":{\"@id\":\"https:\/\/www.scrittoriegiovani.it\/public\/#\/schema\/person\/daae15d2bc569c5a279df83dbf99867c\"},\"description\":\"Festival Scrittori&giovani, contaminazioni letterarie e non solo. Eventi on line nelle scuole e aperti al pubblico\",\"inLanguage\":\"it-IT\",\"potentialAction\":[{\"@type\":\"ReadAction\",\"target\":[\"https:\/\/www.scrittoriegiovani.it\/public\/2020\/11\/13\/le-contaminazioni-di-scrittorigiovani-a-novara-il-festival-internazionale-e-on-line-dal-18-al-29-novembre\/\"]}]},{\"@type\":\"Person\",\"@id\":\"https:\/\/www.scrittoriegiovani.it\/public\/#\/schema\/person\/daae15d2bc569c5a279df83dbf99867c\",\"name\":\"Centro Novarese di Studi Letterari\",\"image\":{\"@type\":\"ImageObject\",\"@id\":\"https:\/\/www.scrittoriegiovani.it\/public\/#personlogo\",\"inLanguage\":\"it-IT\",\"url\":\"https:\/\/secure.gravatar.com\/avatar\/20a2030a95cddb87bf8cacce218bce5d?s=96&d=identicon&r=g\",\"caption\":\"Centro Novarese di Studi Letterari\"}}]}<\/script>\r\n<!-- \/ Yoast SEO plugin. -->","jetpack_sharing_enabled":true,"jetpack_shortlink":"https:\/\/wp.me\/p99Ih0-uD","jetpack-related-posts":[],"_links":{"self":[{"href":"https:\/\/www.scrittoriegiovani.it\/public\/wp-json\/wp\/v2\/posts\/1899"}],"collection":[{"href":"https:\/\/www.scrittoriegiovani.it\/public\/wp-json\/wp\/v2\/posts"}],"about":[{"href":"https:\/\/www.scrittoriegiovani.it\/public\/wp-json\/wp\/v2\/types\/post"}],"author":[{"embeddable":true,"href":"https:\/\/www.scrittoriegiovani.it\/public\/wp-json\/wp\/v2\/users\/1"}],"replies":[{"embeddable":true,"href":"https:\/\/www.scrittoriegiovani.it\/public\/wp-json\/wp\/v2\/comments?post=1899"}],"version-history":[{"count":1,"href":"https:\/\/www.scrittoriegiovani.it\/public\/wp-json\/wp\/v2\/posts\/1899\/revisions"}],"predecessor-version":[{"id":1902,"href":"https:\/\/www.scrittoriegiovani.it\/public\/wp-json\/wp\/v2\/posts\/1899\/revisions\/1902"}],"wp:attachment":[{"href":"https:\/\/www.scrittoriegiovani.it\/public\/wp-json\/wp\/v2\/media?parent=1899"}],"wp:term":[{"taxonomy":"category","embeddable":true,"href":"https:\/\/www.scrittoriegiovani.it\/public\/wp-json\/wp\/v2\/categories?post=1899"},{"taxonomy":"post_tag","embeddable":true,"href":"https:\/\/www.scrittoriegiovani.it\/public\/wp-json\/wp\/v2\/tags?post=1899"}],"curies":[{"name":"wp","href":"https:\/\/api.w.org\/{rel}","templated":true}]}}