{"id":360,"date":"2016-11-10T17:31:55","date_gmt":"2016-11-10T16:31:55","guid":{"rendered":"http:\/\/www.scrittoriegiovani.it\/public\/?p=360"},"modified":"2017-09-11T16:07:10","modified_gmt":"2017-09-11T14:07:10","slug":"marcello-fois-e-il-tempo-della-lettura","status":"publish","type":"post","link":"https:\/\/www.scrittoriegiovani.it\/public\/2016\/11\/10\/marcello-fois-e-il-tempo-della-lettura\/","title":{"rendered":"Marcello Fois e il tempo della lettura"},"content":{"rendered":"<h3>Marted\u00ec 15 novembre<\/h3>\n<p style=\"text-align: justify;\"><a href=\"https:\/\/i1.wp.com\/www.scrittoriegiovani.it\/public\/wp-content\/uploads\/2016\/11\/Fois2.jpg\"><img data-attachment-id=\"362\" data-permalink=\"https:\/\/www.scrittoriegiovani.it\/public\/2016\/11\/10\/marcello-fois-e-il-tempo-della-lettura\/fois2\/\" data-orig-file=\"https:\/\/i1.wp.com\/www.scrittoriegiovani.it\/public\/wp-content\/uploads\/2016\/11\/Fois2.jpg?fit=1920%2C1080&amp;ssl=1\" data-orig-size=\"1920,1080\" data-comments-opened=\"0\" data-image-meta=\"{&quot;aperture&quot;:&quot;0&quot;,&quot;credit&quot;:&quot;&quot;,&quot;camera&quot;:&quot;&quot;,&quot;caption&quot;:&quot;&quot;,&quot;created_timestamp&quot;:&quot;0&quot;,&quot;copyright&quot;:&quot;&quot;,&quot;focal_length&quot;:&quot;0&quot;,&quot;iso&quot;:&quot;0&quot;,&quot;shutter_speed&quot;:&quot;0&quot;,&quot;title&quot;:&quot;&quot;,&quot;orientation&quot;:&quot;0&quot;}\" data-image-title=\"fois2\" data-image-description=\"\" data-medium-file=\"https:\/\/i1.wp.com\/www.scrittoriegiovani.it\/public\/wp-content\/uploads\/2016\/11\/Fois2.jpg?fit=300%2C169&amp;ssl=1\" data-large-file=\"https:\/\/i1.wp.com\/www.scrittoriegiovani.it\/public\/wp-content\/uploads\/2016\/11\/Fois2.jpg?fit=705%2C397&amp;ssl=1\" loading=\"lazy\" class=\"size-medium wp-image-362 alignleft\" src=\"https:\/\/i2.wp.com\/www.scrittoriegiovani.it\/public\/wp-content\/uploads\/2016\/11\/Fois2-300x169.jpg?resize=300%2C169\" alt=\"fois2\" width=\"300\" height=\"169\" srcset=\"https:\/\/i1.wp.com\/www.scrittoriegiovani.it\/public\/wp-content\/uploads\/2016\/11\/Fois2.jpg?resize=300%2C169&amp;ssl=1 300w, https:\/\/i1.wp.com\/www.scrittoriegiovani.it\/public\/wp-content\/uploads\/2016\/11\/Fois2.jpg?resize=1024%2C576&amp;ssl=1 1024w, https:\/\/i1.wp.com\/www.scrittoriegiovani.it\/public\/wp-content\/uploads\/2016\/11\/Fois2.jpg?w=1920&amp;ssl=1 1920w, https:\/\/i1.wp.com\/www.scrittoriegiovani.it\/public\/wp-content\/uploads\/2016\/11\/Fois2.jpg?w=1410&amp;ssl=1 1410w\" sizes=\"(max-width: 300px) 100vw, 300px\" data-recalc-dims=\"1\" \/><\/a>Alle ore 11, presso l&#8217;Aula Magna Istituto Tecnico Industriale Fauser, via Ricci 14, Novara<br \/>\nIncontro con i giovani a partire da <em>Manuale di lettura creativa<\/em> (Einaudi). Marcello Fois vive a Bologna da molti anni. Laureato in Italianistica, \u00e8 un autore prolifico, non solo in ambito letterario ma anche nel campo teatrale, radiofonico e della fiction televisiva. Ha esordito nel 1992 con il romanzo <em>Picta<\/em>, vincitore del premio Calvino, e con <em>Ferro recente<\/em>. A questi sono seguiti umerosi altri libri e premi, tra cui <em>Nulla<\/em> (Il Maestrale, 1997, premio Dess\u00ec),<em> Sempre caro<\/em> (Il Maestrale-Frassinelli, 1998, premio Scerbanenco-Noir in festival, ripubblicato da Einaudi, 2009), <em>Gap<\/em> (Frassinelli, 1999), <em>Piccole storie nere<\/em> (Einaudi, 2002), <em>Memoria del vuoto<\/em> (Einaudi, 2007, premio Super Grinzane Cavour, premio Volponi e premio Alassio), <em>Nel tempo di mezzo<\/em> (Einaudi 2012, finalista al premio Strega e al Campiello), <em>Luce perfetta<\/em> (Einaudi 2015). Del 2006 \u00e8 la raccolta di poesie L\u2019ultima volta che sono rinato. Come sceneggiatore ha lavorato alle serie televisive<em> Distretto di polizia<\/em> e <em>Crimini<\/em>, e ad alcuni film, tra cui <em>Ilaria Alpi<\/em>, <em>Certi bambini<\/em> e <em>L\u2019ultima frontiera<\/em>. Con Giulio Angioni e Giorgio Todde \u00e8 fra i fondatori del festival letterario L\u2019isola delle storie di Gavoi.<\/p>\n<p style=\"text-align: justify;\"><em>\u00abGli amori durano esattamente un momento perfetto, il resto \u00e8 solo rievocazione, ma quel momento pu\u00f2 essere sufficiente a dare un senso a pi\u00f9 di una vita\u00bb<\/em><\/p>\n","protected":false},"excerpt":{"rendered":"<p>Marted\u00ec 15 novembre Alle ore 11, presso l&#8217;Aula Magna Istituto Tecnico Industriale Fauser, via Ricci 14, Novara Incontro con i giovani a partire da Manuale di lettura creativa (Einaudi). Marcello Fois vive a Bologna da molti anni. Laureato in Italianistica, \u00e8 un autore prolifico, non solo in ambito letterario ma anche nel campo teatrale, radiofonico [&hellip;]<\/p>\n","protected":false},"author":1,"featured_media":0,"comment_status":"closed","ping_status":"closed","sticky":false,"template":"","format":"standard","meta":{"spay_email":"","jetpack_publicize_message":"","jetpack_is_tweetstorm":false},"categories":[1,6,4],"tags":[],"jetpack_featured_media_url":"","jetpack_publicize_connections":[],"yoast_head":"<!-- This site is optimized with the Yoast SEO plugin v15.1.1 - https:\/\/yoast.com\/wordpress\/plugins\/seo\/ -->\r\n<meta name=\"robots\" content=\"index, follow, max-snippet:-1, max-image-preview:large, max-video-preview:-1\" \/>\r\n<link rel=\"canonical\" href=\"https:\/\/www.scrittoriegiovani.it\/public\/2016\/11\/10\/marcello-fois-e-il-tempo-della-lettura\/\" \/>\r\n<meta property=\"og:locale\" content=\"it_IT\" \/>\r\n<meta property=\"og:type\" content=\"article\" \/>\r\n<meta property=\"og:title\" content=\"Marcello Fois e il tempo della lettura - Scrittori&amp;giovani\" \/>\r\n<meta property=\"og:description\" content=\"Marted\u00ec 15 novembre Alle ore 11, presso l&#8217;Aula Magna Istituto Tecnico Industriale Fauser, via Ricci 14, Novara Incontro con i giovani a partire da Manuale di lettura creativa (Einaudi). Marcello Fois vive a Bologna da molti anni. Laureato in Italianistica, \u00e8 un autore prolifico, non solo in ambito letterario ma anche nel campo teatrale, radiofonico [&hellip;]\" \/>\r\n<meta property=\"og:url\" content=\"https:\/\/www.scrittoriegiovani.it\/public\/2016\/11\/10\/marcello-fois-e-il-tempo-della-lettura\/\" \/>\r\n<meta property=\"og:site_name\" content=\"Scrittori&amp;giovani\" \/>\r\n<meta property=\"article:published_time\" content=\"2016-11-10T16:31:55+00:00\" \/>\r\n<meta property=\"article:modified_time\" content=\"2017-09-11T14:07:10+00:00\" \/>\r\n<meta property=\"og:image\" content=\"http:\/\/www.scrittoriegiovani.it\/public\/wp-content\/uploads\/2016\/11\/Fois2-300x169.jpg\" \/>\r\n<meta name=\"twitter:card\" content=\"summary_large_image\" \/>\r\n<script type=\"application\/ld+json\" class=\"yoast-schema-graph\">{\"@context\":\"https:\/\/schema.org\",\"@graph\":[{\"@type\":\"WebSite\",\"@id\":\"https:\/\/www.scrittoriegiovani.it\/public\/#website\",\"url\":\"https:\/\/www.scrittoriegiovani.it\/public\/\",\"name\":\"Scrittori&amp;giovani\",\"description\":\"Festival internazionale Novara e laghi\",\"potentialAction\":[{\"@type\":\"SearchAction\",\"target\":\"https:\/\/www.scrittoriegiovani.it\/public\/?s={search_term_string}\",\"query-input\":\"required name=search_term_string\"}],\"inLanguage\":\"it-IT\"},{\"@type\":\"ImageObject\",\"@id\":\"https:\/\/www.scrittoriegiovani.it\/public\/2016\/11\/10\/marcello-fois-e-il-tempo-della-lettura\/#primaryimage\",\"inLanguage\":\"it-IT\",\"url\":\"http:\/\/www.scrittoriegiovani.it\/public\/wp-content\/uploads\/2016\/11\/Fois2-300x169.jpg\"},{\"@type\":\"WebPage\",\"@id\":\"https:\/\/www.scrittoriegiovani.it\/public\/2016\/11\/10\/marcello-fois-e-il-tempo-della-lettura\/#webpage\",\"url\":\"https:\/\/www.scrittoriegiovani.it\/public\/2016\/11\/10\/marcello-fois-e-il-tempo-della-lettura\/\",\"name\":\"Marcello Fois e il tempo della lettura - Scrittori&amp;giovani\",\"isPartOf\":{\"@id\":\"https:\/\/www.scrittoriegiovani.it\/public\/#website\"},\"primaryImageOfPage\":{\"@id\":\"https:\/\/www.scrittoriegiovani.it\/public\/2016\/11\/10\/marcello-fois-e-il-tempo-della-lettura\/#primaryimage\"},\"datePublished\":\"2016-11-10T16:31:55+00:00\",\"dateModified\":\"2017-09-11T14:07:10+00:00\",\"author\":{\"@id\":\"https:\/\/www.scrittoriegiovani.it\/public\/#\/schema\/person\/daae15d2bc569c5a279df83dbf99867c\"},\"inLanguage\":\"it-IT\",\"potentialAction\":[{\"@type\":\"ReadAction\",\"target\":[\"https:\/\/www.scrittoriegiovani.it\/public\/2016\/11\/10\/marcello-fois-e-il-tempo-della-lettura\/\"]}]},{\"@type\":\"Person\",\"@id\":\"https:\/\/www.scrittoriegiovani.it\/public\/#\/schema\/person\/daae15d2bc569c5a279df83dbf99867c\",\"name\":\"Centro Novarese di Studi Letterari\",\"image\":{\"@type\":\"ImageObject\",\"@id\":\"https:\/\/www.scrittoriegiovani.it\/public\/#personlogo\",\"inLanguage\":\"it-IT\",\"url\":\"https:\/\/secure.gravatar.com\/avatar\/20a2030a95cddb87bf8cacce218bce5d?s=96&d=identicon&r=g\",\"caption\":\"Centro Novarese di Studi Letterari\"}}]}<\/script>\r\n<!-- \/ Yoast SEO plugin. -->","jetpack_sharing_enabled":true,"jetpack_shortlink":"https:\/\/wp.me\/p99Ih0-5O","jetpack-related-posts":[],"_links":{"self":[{"href":"https:\/\/www.scrittoriegiovani.it\/public\/wp-json\/wp\/v2\/posts\/360"}],"collection":[{"href":"https:\/\/www.scrittoriegiovani.it\/public\/wp-json\/wp\/v2\/posts"}],"about":[{"href":"https:\/\/www.scrittoriegiovani.it\/public\/wp-json\/wp\/v2\/types\/post"}],"author":[{"embeddable":true,"href":"https:\/\/www.scrittoriegiovani.it\/public\/wp-json\/wp\/v2\/users\/1"}],"replies":[{"embeddable":true,"href":"https:\/\/www.scrittoriegiovani.it\/public\/wp-json\/wp\/v2\/comments?post=360"}],"version-history":[{"count":2,"href":"https:\/\/www.scrittoriegiovani.it\/public\/wp-json\/wp\/v2\/posts\/360\/revisions"}],"predecessor-version":[{"id":363,"href":"https:\/\/www.scrittoriegiovani.it\/public\/wp-json\/wp\/v2\/posts\/360\/revisions\/363"}],"wp:attachment":[{"href":"https:\/\/www.scrittoriegiovani.it\/public\/wp-json\/wp\/v2\/media?parent=360"}],"wp:term":[{"taxonomy":"category","embeddable":true,"href":"https:\/\/www.scrittoriegiovani.it\/public\/wp-json\/wp\/v2\/categories?post=360"},{"taxonomy":"post_tag","embeddable":true,"href":"https:\/\/www.scrittoriegiovani.it\/public\/wp-json\/wp\/v2\/tags?post=360"}],"curies":[{"name":"wp","href":"https:\/\/api.w.org\/{rel}","templated":true}]}}