{"id":381,"date":"2016-11-11T10:50:03","date_gmt":"2016-11-11T09:50:03","guid":{"rendered":"http:\/\/www.scrittoriegiovani.it\/public\/?p=381"},"modified":"2017-09-11T16:07:09","modified_gmt":"2017-09-11T14:07:09","slug":"valeria-montaldi-e-il-tempo-delle-donne","status":"publish","type":"post","link":"https:\/\/www.scrittoriegiovani.it\/public\/2016\/11\/11\/valeria-montaldi-e-il-tempo-delle-donne\/","title":{"rendered":"Valeria Montaldi e il tempo delle donne"},"content":{"rendered":"<h3>Gioved\u00ec 17 novembre<\/h3>\n<p style=\"text-align: justify;\"><a href=\"https:\/\/i2.wp.com\/www.scrittoriegiovani.it\/public\/wp-content\/uploads\/2016\/11\/MOntaldi2.jpg\"><img data-attachment-id=\"382\" data-permalink=\"https:\/\/www.scrittoriegiovani.it\/public\/2016\/11\/11\/valeria-montaldi-e-il-tempo-delle-donne\/montaldi2\/\" data-orig-file=\"https:\/\/i2.wp.com\/www.scrittoriegiovani.it\/public\/wp-content\/uploads\/2016\/11\/MOntaldi2.jpg?fit=1200%2C675&amp;ssl=1\" data-orig-size=\"1200,675\" data-comments-opened=\"0\" data-image-meta=\"{&quot;aperture&quot;:&quot;0&quot;,&quot;credit&quot;:&quot;&quot;,&quot;camera&quot;:&quot;&quot;,&quot;caption&quot;:&quot;&quot;,&quot;created_timestamp&quot;:&quot;0&quot;,&quot;copyright&quot;:&quot;&quot;,&quot;focal_length&quot;:&quot;0&quot;,&quot;iso&quot;:&quot;0&quot;,&quot;shutter_speed&quot;:&quot;0&quot;,&quot;title&quot;:&quot;&quot;,&quot;orientation&quot;:&quot;0&quot;}\" data-image-title=\"montaldi2\" data-image-description=\"\" data-medium-file=\"https:\/\/i2.wp.com\/www.scrittoriegiovani.it\/public\/wp-content\/uploads\/2016\/11\/MOntaldi2.jpg?fit=300%2C169&amp;ssl=1\" data-large-file=\"https:\/\/i2.wp.com\/www.scrittoriegiovani.it\/public\/wp-content\/uploads\/2016\/11\/MOntaldi2.jpg?fit=705%2C397&amp;ssl=1\" loading=\"lazy\" class=\"size-medium wp-image-382 alignleft\" src=\"https:\/\/i1.wp.com\/www.scrittoriegiovani.it\/public\/wp-content\/uploads\/2016\/11\/MOntaldi2-300x169.jpg?resize=300%2C169\" alt=\"montaldi2\" width=\"300\" height=\"169\" srcset=\"https:\/\/i2.wp.com\/www.scrittoriegiovani.it\/public\/wp-content\/uploads\/2016\/11\/MOntaldi2.jpg?resize=300%2C169&amp;ssl=1 300w, https:\/\/i2.wp.com\/www.scrittoriegiovani.it\/public\/wp-content\/uploads\/2016\/11\/MOntaldi2.jpg?resize=1024%2C576&amp;ssl=1 1024w, https:\/\/i2.wp.com\/www.scrittoriegiovani.it\/public\/wp-content\/uploads\/2016\/11\/MOntaldi2.jpg?w=1200&amp;ssl=1 1200w\" sizes=\"(max-width: 300px) 100vw, 300px\" data-recalc-dims=\"1\" \/><\/a>Alle ore 11, Aula Magna Istituto Professionale Bellini, via Liguria 5, Novara. Incontro con i giovani a partire da <em>La randagia<\/em> (Piemme)<br \/>\nAlle ore 18, presso Circolo dei Lettori, via Fratelli Rosselli 20, Novara. Incontro con il pubblico.\u00a0 Valeria Montaldi, nata a Milano, ha seguito studi classici e si \u00e8 laureata in Storia della critica d\u2019arte. Dopo una ventina d\u2019anni di giornalismo dedicato a luoghi e personaggi dell\u2019arte e del costume milanese, nel 2001 ha esordito nella narrativa con <em>Il mercante di lana<\/em>, cui sono seguiti <em>Il signore del falco<\/em>, <em>Il monaco inglese<\/em>, <em>Il manoscritto dell\u2019imperatore<\/em>, <em>La ribelle<\/em>, <em>La prigioniera del silenzio<\/em>. I suoi romanzi sono pubblicati in Francia, Spagna, Portogallo, Germania, Grecia, Serbia, Ungheria, Brasile.<\/p>\n<p style=\"text-align: justify;\"><em>\u00abUna che \u00e8 vissuta un sacco di anni fa. Quella l\u00ec era una strega di sicuro, una delle pi\u00f9 famose della valle&#8230; Dicono che se ha un\u2019antenata strega non pu\u00f2 non esserlo anche lei\u00bb<\/em><\/p>\n","protected":false},"excerpt":{"rendered":"<p>Gioved\u00ec 17 novembre Alle ore 11, Aula Magna Istituto Professionale Bellini, via Liguria 5, Novara. Incontro con i giovani a partire da La randagia (Piemme) Alle ore 18, presso Circolo dei Lettori, via Fratelli Rosselli 20, Novara. Incontro con il pubblico.\u00a0 Valeria Montaldi, nata a Milano, ha seguito studi classici e si \u00e8 laureata in [&hellip;]<\/p>\n","protected":false},"author":1,"featured_media":0,"comment_status":"closed","ping_status":"closed","sticky":false,"template":"","format":"standard","meta":{"spay_email":"","jetpack_publicize_message":"","jetpack_is_tweetstorm":false},"categories":[1,6,4],"tags":[],"jetpack_featured_media_url":"","jetpack_publicize_connections":[],"yoast_head":"<!-- This site is optimized with the Yoast SEO plugin v15.1.1 - https:\/\/yoast.com\/wordpress\/plugins\/seo\/ -->\r\n<meta name=\"robots\" content=\"index, follow, max-snippet:-1, max-image-preview:large, max-video-preview:-1\" \/>\r\n<link rel=\"canonical\" href=\"https:\/\/www.scrittoriegiovani.it\/public\/2016\/11\/11\/valeria-montaldi-e-il-tempo-delle-donne\/\" \/>\r\n<meta property=\"og:locale\" content=\"it_IT\" \/>\r\n<meta property=\"og:type\" content=\"article\" \/>\r\n<meta property=\"og:title\" content=\"Valeria Montaldi e il tempo delle donne - Scrittori&amp;giovani\" \/>\r\n<meta property=\"og:description\" content=\"Gioved\u00ec 17 novembre Alle ore 11, Aula Magna Istituto Professionale Bellini, via Liguria 5, Novara. Incontro con i giovani a partire da La randagia (Piemme) Alle ore 18, presso Circolo dei Lettori, via Fratelli Rosselli 20, Novara. Incontro con il pubblico.\u00a0 Valeria Montaldi, nata a Milano, ha seguito studi classici e si \u00e8 laureata in [&hellip;]\" \/>\r\n<meta property=\"og:url\" content=\"https:\/\/www.scrittoriegiovani.it\/public\/2016\/11\/11\/valeria-montaldi-e-il-tempo-delle-donne\/\" \/>\r\n<meta property=\"og:site_name\" content=\"Scrittori&amp;giovani\" \/>\r\n<meta property=\"article:published_time\" content=\"2016-11-11T09:50:03+00:00\" \/>\r\n<meta property=\"article:modified_time\" content=\"2017-09-11T14:07:09+00:00\" \/>\r\n<meta property=\"og:image\" content=\"http:\/\/www.scrittoriegiovani.it\/public\/wp-content\/uploads\/2016\/11\/MOntaldi2-300x169.jpg\" \/>\r\n<meta name=\"twitter:card\" content=\"summary_large_image\" \/>\r\n<script type=\"application\/ld+json\" class=\"yoast-schema-graph\">{\"@context\":\"https:\/\/schema.org\",\"@graph\":[{\"@type\":\"WebSite\",\"@id\":\"https:\/\/www.scrittoriegiovani.it\/public\/#website\",\"url\":\"https:\/\/www.scrittoriegiovani.it\/public\/\",\"name\":\"Scrittori&amp;giovani\",\"description\":\"Festival internazionale Novara e laghi\",\"potentialAction\":[{\"@type\":\"SearchAction\",\"target\":\"https:\/\/www.scrittoriegiovani.it\/public\/?s={search_term_string}\",\"query-input\":\"required name=search_term_string\"}],\"inLanguage\":\"it-IT\"},{\"@type\":\"ImageObject\",\"@id\":\"https:\/\/www.scrittoriegiovani.it\/public\/2016\/11\/11\/valeria-montaldi-e-il-tempo-delle-donne\/#primaryimage\",\"inLanguage\":\"it-IT\",\"url\":\"http:\/\/www.scrittoriegiovani.it\/public\/wp-content\/uploads\/2016\/11\/MOntaldi2-300x169.jpg\"},{\"@type\":\"WebPage\",\"@id\":\"https:\/\/www.scrittoriegiovani.it\/public\/2016\/11\/11\/valeria-montaldi-e-il-tempo-delle-donne\/#webpage\",\"url\":\"https:\/\/www.scrittoriegiovani.it\/public\/2016\/11\/11\/valeria-montaldi-e-il-tempo-delle-donne\/\",\"name\":\"Valeria Montaldi e il tempo delle donne - Scrittori&amp;giovani\",\"isPartOf\":{\"@id\":\"https:\/\/www.scrittoriegiovani.it\/public\/#website\"},\"primaryImageOfPage\":{\"@id\":\"https:\/\/www.scrittoriegiovani.it\/public\/2016\/11\/11\/valeria-montaldi-e-il-tempo-delle-donne\/#primaryimage\"},\"datePublished\":\"2016-11-11T09:50:03+00:00\",\"dateModified\":\"2017-09-11T14:07:09+00:00\",\"author\":{\"@id\":\"https:\/\/www.scrittoriegiovani.it\/public\/#\/schema\/person\/daae15d2bc569c5a279df83dbf99867c\"},\"inLanguage\":\"it-IT\",\"potentialAction\":[{\"@type\":\"ReadAction\",\"target\":[\"https:\/\/www.scrittoriegiovani.it\/public\/2016\/11\/11\/valeria-montaldi-e-il-tempo-delle-donne\/\"]}]},{\"@type\":\"Person\",\"@id\":\"https:\/\/www.scrittoriegiovani.it\/public\/#\/schema\/person\/daae15d2bc569c5a279df83dbf99867c\",\"name\":\"Centro Novarese di Studi Letterari\",\"image\":{\"@type\":\"ImageObject\",\"@id\":\"https:\/\/www.scrittoriegiovani.it\/public\/#personlogo\",\"inLanguage\":\"it-IT\",\"url\":\"https:\/\/secure.gravatar.com\/avatar\/20a2030a95cddb87bf8cacce218bce5d?s=96&d=identicon&r=g\",\"caption\":\"Centro Novarese di Studi Letterari\"}}]}<\/script>\r\n<!-- \/ Yoast SEO plugin. -->","jetpack_sharing_enabled":true,"jetpack_shortlink":"https:\/\/wp.me\/p99Ih0-69","jetpack-related-posts":[],"_links":{"self":[{"href":"https:\/\/www.scrittoriegiovani.it\/public\/wp-json\/wp\/v2\/posts\/381"}],"collection":[{"href":"https:\/\/www.scrittoriegiovani.it\/public\/wp-json\/wp\/v2\/posts"}],"about":[{"href":"https:\/\/www.scrittoriegiovani.it\/public\/wp-json\/wp\/v2\/types\/post"}],"author":[{"embeddable":true,"href":"https:\/\/www.scrittoriegiovani.it\/public\/wp-json\/wp\/v2\/users\/1"}],"replies":[{"embeddable":true,"href":"https:\/\/www.scrittoriegiovani.it\/public\/wp-json\/wp\/v2\/comments?post=381"}],"version-history":[{"count":1,"href":"https:\/\/www.scrittoriegiovani.it\/public\/wp-json\/wp\/v2\/posts\/381\/revisions"}],"predecessor-version":[{"id":383,"href":"https:\/\/www.scrittoriegiovani.it\/public\/wp-json\/wp\/v2\/posts\/381\/revisions\/383"}],"wp:attachment":[{"href":"https:\/\/www.scrittoriegiovani.it\/public\/wp-json\/wp\/v2\/media?parent=381"}],"wp:term":[{"taxonomy":"category","embeddable":true,"href":"https:\/\/www.scrittoriegiovani.it\/public\/wp-json\/wp\/v2\/categories?post=381"},{"taxonomy":"post_tag","embeddable":true,"href":"https:\/\/www.scrittoriegiovani.it\/public\/wp-json\/wp\/v2\/tags?post=381"}],"curies":[{"name":"wp","href":"https:\/\/api.w.org\/{rel}","templated":true}]}}